{"id":788,"date":"2026-01-26T11:05:04","date_gmt":"2026-01-26T10:05:04","guid":{"rendered":"https:\/\/lamochiladeclara.com\/?p=788"},"modified":"2026-01-26T11:05:05","modified_gmt":"2026-01-26T10:05:05","slug":"bolsillo-viajes-escapadas-faciles-baleares","status":"publish","type":"post","link":"https:\/\/lamochiladeclara.com\/en\/bolsillo-viajes-escapadas-faciles-baleares\/","title":{"rendered":"Bolsillo viajes. 4 escapadas f\u00e1ciles desde Baleares."},"content":{"rendered":"<div class=\"wp-block-image\">\n<figure class=\"aligncenter size-large\"><img loading=\"lazy\" decoding=\"async\" width=\"768\" height=\"1024\" src=\"https:\/\/lamochiladeclara.com\/wp-content\/uploads\/2026\/01\/IMG_5155-768x1024.jpeg\" alt=\"\" class=\"wp-image-792\" srcset=\"https:\/\/lamochiladeclara.com\/wp-content\/uploads\/2026\/01\/IMG_5155-768x1024.jpeg 768w, https:\/\/lamochiladeclara.com\/wp-content\/uploads\/2026\/01\/IMG_5155-225x300.jpeg 225w, https:\/\/lamochiladeclara.com\/wp-content\/uploads\/2026\/01\/IMG_5155-1152x1536.jpeg 1152w, https:\/\/lamochiladeclara.com\/wp-content\/uploads\/2026\/01\/IMG_5155-1536x2048.jpeg 1536w, https:\/\/lamochiladeclara.com\/wp-content\/uploads\/2026\/01\/IMG_5155-9x12.jpeg 9w, https:\/\/lamochiladeclara.com\/wp-content\/uploads\/2026\/01\/IMG_5155-440x587.jpeg 440w, https:\/\/lamochiladeclara.com\/wp-content\/uploads\/2026\/01\/IMG_5155-350x466.jpeg 350w, https:\/\/lamochiladeclara.com\/wp-content\/uploads\/2026\/01\/IMG_5155-scaled.jpeg 1920w\" sizes=\"auto, (max-width: 768px) 100vw, 768px\" \/><figcaption class=\"wp-element-caption\">Volando sobre Mallorca, de vuelta a casa. Noviembre 2025.<\/figcaption><\/figure>\n<\/div>\n\n\n<p>He estado desaparecida. Podr\u00eda mentir y decir que llevo dos meses de viaje, pero la realidad es que he estado simplemente disfrutando. De las fiestas, de la familia, de los libros, de los nuevos comienzos. Enero se presta a parar y reflexionar, tambi\u00e9n a planificar el a\u00f1o que empieza. A m\u00ed me da por replantearme metas y prioridades.<\/p>\n\n\n\n<p>Una prioridad que se repite a\u00f1o tras a\u00f1o es la de viajar. No m\u00e1s lejos ni durante m\u00e1s tiempo. Pero s\u00ed encontrar siempre ese hueco para planificar una escapada. Con amigos, en pareja o sola. Si tambi\u00e9n eres de de las que necesita tener un viaje en el horizonte, sigue leyendo. En este post, te traigo cuatro opciones reales, con vuelos cortos y presupuestos ajustados, para a\u00f1adir a tu calendario sin desajustar las cuentas.<\/p>\n\n\n\n<blockquote class=\"wp-block-quote is-layout-flow wp-block-quote-is-layout-flow\">\n<p>El verdadero viaje de descubrimiento no consiste en buscar nuevos paisajes, sino en tener nuevos ojos.<\/p>\n<cite><em>Marcel Proust<\/em><\/cite><\/blockquote>\n\n\n\n<h2 class=\"wp-block-heading\">\u00bfQu\u00e9 busco cuando planifico una escapada?<\/h2>\n\n\n\n<p>Antes de entrar en materia, te cuento mis criterios, por si te sirven de filtro:<\/p>\n\n\n\n<ul class=\"wp-block-list\">\n<li>Vuelos cortos y buenos horarios<\/li>\n\n\n\n<li>Presupuesto cerrado desde el principio<\/li>\n\n\n\n<li>Pocos d\u00edas, pero bien aprovechados<\/li>\n\n\n\n<li>Destinos con personalidad, comida rica y paseos largos<\/li>\n\n\n\n<li>Que encajen bien con festivos o fines de semana largos<\/li>\n<\/ul>\n\n\n\n<p>Ahora s\u00ed, vamos con las propuestas. Todas con <a href=\"https:\/\/www.ryanair.com\" target=\"_blank\" rel=\"noopener\" title=\"\">Ryanair<\/a>. Las tres primeras son considerando Menorca como aeropuerto de origen y la \u00faltima saliendo desde Palma. Considerando quienes me leen, tiro para casa. Si quieres que busque gangas desde otra ciudad, no dudes en escribirme (creo que en el fondo tengo alma de asesora de viajes).<\/p>\n\n\n\n<h2 class=\"wp-block-heading\">Escapada urbana con mar de fondo<\/h2>\n\n\n\n<p>La primera opci\u00f3n es para Semana Santa y con destino Francia. Marsella es una ciudad que sorprende. Puerto, barrios con historia, mercados, calas cercanas y una energ\u00eda muy viva. Perfecta para una escapada urbana con mar de fondo.<\/p>\n\n\n\n<p><strong>Vuelos Menorca &#8211; Marsella<\/strong> <strong>&#8211; Menorca<\/strong>  <\/p>\n\n\n\n<p><br>\u2708\ufe0f Domingo 29\/03 \u2192 17:05 \u2013 18:10 \u2192 <strong>27,99 \u20ac<\/strong><\/p>\n\n\n\n<p>\u2708\ufe0f Mi\u00e9rcoles 01\/04 \u2192 21:00 \u2013 22:05 \u2192 <strong>19,99 \u20ac<\/strong><\/p>\n\n\n\n<p>Los horarios son muy buenos. Llegamos a tiempo de dar un paseo y cenar por la ciudad y el d\u00eda de vuelta podemos aprovecharlo entero. Por un precio dif\u00edcil de igualar en semana santa: 47,98\u20ac!  <\/p>\n\n\n\n<p><strong>Alojamiento<\/strong><\/p>\n\n\n\n<p>Mirando en Booking, se pueden encontrar buenos hoteles c\u00e9ntricos desde 200\u20ac (3 noches, 2 adultos). <br><\/p>\n\n\n\n<p>Es una buena opci\u00f3n por varias razones: vuelo muy corto (1h), misma moneda, ideal para combinar ciudad y costa, viajar en Semana Santa sin dejarnos un ri\u00f1\u00f3n.<\/p>\n\n\n\n<h2 class=\"wp-block-heading\">Costa amalfitana<\/h2>\n\n\n\n<p>Principios de junio, Italia. Viajamos a N\u00e1poles. Ca\u00f3tica, intensa y maravillosa, N\u00e1poles no te deja indiferente. Comer bien est\u00e1 garantizado y desde all\u00ed puedes escaparte a Capri, Pompeya o la Costa Amalfitana.<\/p>\n\n\n\n<p><strong>Vuelos Menorca &#8211; N\u00e1poles<\/strong> <strong>&#8211; Menorca<\/strong><\/p>\n\n\n\n<p>\u2708\ufe0f Mi\u00e9rcoles 03\/06 \u2192 13:35 \u2013 15:15 \u2192 <strong>21,99 \u20ac<\/strong><\/p>\n\n\n\n<p>\u2708\ufe0f Domingo 07\/06 \u2192 08:45 \u2013 10:30 \u2192 <strong>37,99 \u20ac<\/strong><\/p>\n\n\n\n<p>Los horarios son bastante buenos. A la ida, llegamos a la hora perfecta para ya poder hacer el check-in y aprovechar la tarde. La vuelta podr\u00eda parecer un d\u00eda perdido, pero si sueles viajar, sabes que se agradece llegar por la ma\u00f1ana y tener todo ese d\u00eda para aterrizar, deshacer la maleta y relajarte antes de volver a la rutina. El precio es buen\u00edsimo tambi\u00e9n, menos de 60\u20ac.<\/p>\n\n\n\n<p><strong>Alojamiento<\/strong><\/p>\n\n\n\n<p>Mirando en Booking, se pueden encontrar buenos hoteles c\u00e9ntricos desde 400\u20ac, 4 noches, en habitaci\u00f3n doble. <br><\/p>\n\n\n\n<p>Es una buena opci\u00f3n por varias razones: vuelo corto, misma moneda, ideal para empezar el verano y es una base estupenda para hacer distintas excursiones interesantes. Lo de la comida merece menci\u00f3n aparte, \u00a1\u00a1es d\u00f3nde naci\u00f3 la pizza!!<\/p>\n\n\n\n<h2 class=\"wp-block-heading\">Cheers, mate<\/h2>\n\n\n\n<p>Finales de abril, Reino Unido. Londres siempre es un s\u00ed. Museos, parques, barrios infinitos y la sensaci\u00f3n de que siempre te queda algo por descubrir.<\/p>\n\n\n\n<p><strong>Vuelos Menorca &#8211; Londres<\/strong> <strong>&#8211; Menorca<\/strong><\/p>\n\n\n\n<p>\u2708\ufe0f Mi\u00e9rcoles 29\/04 \u2192 14:45 \u2013 16:15 \u2192 <strong>17,00 \u20ac<\/strong><\/p>\n\n\n\n<p>\u2708\ufe0f Domingo 03\/05 \u2192 10:45 \u2013 14:10 \u2192 <strong>28,99 \u20ac<\/strong><\/p>\n\n\n\n<p>Los horarios son bastante buenos. El precio, tambi\u00e9n: 46\u20ac.<\/p>\n\n\n\n<p><strong>Alojamiento<\/strong><\/p>\n\n\n\n<p>El alojamiento es muy caro en Londres. Mirando en Booking, se pueden encontrar buenos hoteles c\u00e9ntricos desde 550\u20ac, 4 noches, en habitaci\u00f3n doble. <\/p>\n\n\n\n<p>En este caso hay que tener en cuenta que necesitar\u00e1s pasaporte y hay un cambio de divisa por medio. F\u00e1cilmente subsanable si contamos con alguna aplicaci\u00f3n estilo Revolut o N26.<br>Las razones para quedarte con este destino son simples: Londres es una ciudad con much\u00edsima oferta cultural, perfecta para caminar sin rumbo y para viajar sola, si tienes eso pendiente. De hecho, fue el primer destino al que viaj\u00e9 yo sola (pero eso es tema de otra historia).<\/p>\n\n\n\n<h2 class=\"wp-block-heading\">Y de postre, selva negra<\/h2>\n\n\n\n<p>Un destino tranquilo, elegante y rodeado de naturaleza. Baden-Baden es ideal si te apetece desconectar, pasear y explorar la Selva Negra. Esta vez desde Mallorca, que s\u00e9 que all\u00ed tambi\u00e9n tengo algunos amigos que me leen.<\/p>\n\n\n\n<p><strong>Vuelos Palma &#8211; Baden-Baden<\/strong> <strong>&#8211; Menorca<\/strong><\/p>\n\n\n\n<p>\u2708\ufe0f Jueves 05\/02 \u2192 16:35 \u2013 18:30 \u2192 <strong>15,00 \u20ac<\/strong><\/p>\n\n\n\n<p>\u2708\ufe0f Domingo 08\/02 \u2192 18:30 \u2013 20:25 \u2192 <strong>15,00 \u20ac<\/strong><\/p>\n\n\n\n<p>Tanto los horarios como el precio son escandalosamente buenos. En el momento de escribir este post (22\/01) hab\u00eda rebajas en la web de Ryanair y estaban los vuelos a mitad de precio: 30\u20ac ida y vuelta. Espectacular. <\/p>\n\n\n\n<p><strong>Alojamiento<\/strong><\/p>\n\n\n\n<p>El alojamiento es muy variado. Mirando en Booking, se pueden encontrar hoteles o apartamentos que tienen buena pinta desde 350\u20ac, 3 noches, en habitaci\u00f3n doble.<\/p>\n\n\n\n<p>Para este destino todo son ventajas. Est\u00e1 a la vuelta de la esquina, para los que buscaban salir ya, no hace falta cambiar de moneda ni renovarse el pasaporte. Est\u00e1 cerquita \u2013vuelo corto\u2013 y no puede salir m\u00e1s econ\u00f3mico. <\/p>\n\n\n\n<h2 class=\"wp-block-heading\">Viajar no es gastar m\u00e1s, es elegir mejor<\/h2>\n\n\n\n<p>No siempre hace falta irse lejos ni durante semanas. A veces basta con <strong>mirar el calendario, ajustar fechas y decidirse<\/strong>. Tener una escapada planificada da aire a la rutina y perspectiva al d\u00eda a d\u00eda.<\/p>\n\n\n\n<p>Si algo he aprendido es que viajar no desajusta el presupuesto cuando se hace con <a href=\"https:\/\/lamochiladeclara.com\/en\/bolsillo-actitud-respira-piensa-quedate-contigo\/\" target=\"_blank\" rel=\"noopener\" title=\"Bolsillo Actitud. Respira y piensa, qu\u00e9date contigo.\">intenci\u00f3n<\/a>. Al contrario: muchas veces lo ordena.<\/p>\n\n\n\n<p>See you soon and happy reading!<\/p>\n\n\n\n<blockquote class=\"wp-block-quote is-layout-flow wp-block-quote-is-layout-flow\">\n<p>No viajamos para llegar, viajamos por el placer del movimiento y del cambio.<\/p>\n<cite><em>Robert Louis Stevenson<\/em><\/cite><\/blockquote>","protected":false},"excerpt":{"rendered":"<p>He estado desaparecida. Podr\u00eda mentir y decir que llevo dos meses de viaje, pero la realidad es que he estado simplemente disfrutando. De las fiestas, de la familia, de los<span class=\"more-button\"><a href=\"https:\/\/lamochiladeclara.com\/en\/bolsillo-viajes-escapadas-faciles-baleares\/\" class=\"more-link\">Continue reading<span class=\"screen-reader-text\">Bolsillo viajes. 4 escapadas f\u00e1ciles desde Baleares.<\/span><\/a><\/span><\/p>","protected":false},"author":1,"featured_media":0,"comment_status":"open","ping_status":"open","sticky":false,"template":"","format":"standard","meta":{"om_disable_all_campaigns":false,"_monsterinsights_skip_tracking":false,"_monsterinsights_sitenote_active":false,"_monsterinsights_sitenote_note":"","_monsterinsights_sitenote_category":0,"footnotes":""},"categories":[6],"tags":[21,27,8,7,9],"class_list":["post-788","post","type-post","status-publish","format-standard","hentry","category-viajes","tag-ahorro","tag-ganga","tag-oferta","tag-viajes","tag-vuelo"],"aioseo_notices":[],"_links":{"self":[{"href":"https:\/\/lamochiladeclara.com\/en\/wp-json\/wp\/v2\/posts\/788","targetHints":{"allow":["GET"]}}],"collection":[{"href":"https:\/\/lamochiladeclara.com\/en\/wp-json\/wp\/v2\/posts"}],"about":[{"href":"https:\/\/lamochiladeclara.com\/en\/wp-json\/wp\/v2\/types\/post"}],"author":[{"embeddable":true,"href":"https:\/\/lamochiladeclara.com\/en\/wp-json\/wp\/v2\/users\/1"}],"replies":[{"embeddable":true,"href":"https:\/\/lamochiladeclara.com\/en\/wp-json\/wp\/v2\/comments?post=788"}],"version-history":[{"count":4,"href":"https:\/\/lamochiladeclara.com\/en\/wp-json\/wp\/v2\/posts\/788\/revisions"}],"predecessor-version":[{"id":793,"href":"https:\/\/lamochiladeclara.com\/en\/wp-json\/wp\/v2\/posts\/788\/revisions\/793"}],"wp:attachment":[{"href":"https:\/\/lamochiladeclara.com\/en\/wp-json\/wp\/v2\/media?parent=788"}],"wp:term":[{"taxonomy":"category","embeddable":true,"href":"https:\/\/lamochiladeclara.com\/en\/wp-json\/wp\/v2\/categories?post=788"},{"taxonomy":"post_tag","embeddable":true,"href":"https:\/\/lamochiladeclara.com\/en\/wp-json\/wp\/v2\/tags?post=788"}],"curies":[{"name":"wp","href":"https:\/\/api.w.org\/{rel}","templated":true}]}}